{"id":2595,"date":"2026-04-18T08:47:39","date_gmt":"2026-04-18T08:47:39","guid":{"rendered":"https:\/\/freundeinnot.org\/fin1\/?p=2595"},"modified":"2026-04-25T09:06:24","modified_gmt":"2026-04-25T09:06:24","slug":"ehem-bundesjustizministerin-fordert-internationale-masnahmen-gegen-die-hinrichtungen-im-iran","status":"publish","type":"post","link":"https:\/\/freundeinnot.org\/fin1\/ehem-bundesjustizministerin-fordert-internationale-masnahmen-gegen-die-hinrichtungen-im-iran\/","title":{"rendered":"Ehem. Bundesjustizministerin fordert internationale Ma\u00dfnahmen gegen die Hinrichtungen im Iran"},"content":{"rendered":"\n<p>Prof. Dr. Herta D\u00e4ubler-Gmelin hat zum dringenden Handeln gegen die Hinrichtungen im Iran aufgerufen. Die internationale Gemeinschaft sei rechtlich und moralisch verpflichtet, gegen die Hinrichtungen vorzugehen. Menschenrechte d\u00fcrften nicht aus diplomatischen Gr\u00fcnden vernachl\u00e4ssigt werden.<\/p>\n\n\n\n<figure class=\"wp-block-image size-full\"><img fetchpriority=\"high\" decoding=\"async\" width=\"625\" height=\"303\" src=\"https:\/\/freundeinnot.org\/fin1\/wp-content\/uploads\/2026\/04\/image-9.jpg\" alt=\"\" class=\"wp-image-2596\" srcset=\"https:\/\/freundeinnot.org\/fin1\/wp-content\/uploads\/2026\/04\/image-9.jpg 625w, https:\/\/freundeinnot.org\/fin1\/wp-content\/uploads\/2026\/04\/image-9-300x145.jpg 300w\" sizes=\"(max-width: 625px) 100vw, 625px\" \/><figcaption class=\"wp-element-caption\"><em>Herta D\u00e4ubler-Gmelin sprach auf einer internationalen Konferenz in Paris, die sich mit den Hinrichtungen im Iran befasste. Dort wurde an die politischen Gefangenen erinnert, die in den letzten Wochen vom Teheraner Regime hingerichtet wurden.<\/em><\/figcaption><\/figure>\n\n\n\n<p>Prof. Dr. Herta D\u00e4ubler-Gmelin war von 1998 bis 2002 Bundesministerin der Justiz und geh\u00f6rte von 1972 bis 2009 dem Deutschen Bundestag an. Dort war sie von 2005 bis 2009 Vorsitzende des Ausschusses f\u00fcr Menschenrechte und humanit\u00e4re Hilfe.<\/p>\n\n\n\n<p>In einer Konferenz in Paris hat Herta D\u00e4ubler-Gmelin am 10. April zum dringenden Handeln gegen die zunehmenden Hinrichtungen im Iran aufgerufen. Die internationale Gemeinschaft sei rechtlich und moralisch verpflichtet, gegen die Hinrichtungen vorzugehen. \u201eMutige Demonstranten\u201c und \u201epolitische Gefangene\u201c w\u00fcrden im Iran zum Tode verurteilt, weil sie die \u201eStimme einer Gesellschaft verk\u00f6rpern, die sich nicht zum Schweigen bringen l\u00e4sst\u201c.<\/p>\n\n\n\n<p>Herta D\u00e4ubler-Gmelin wies darauf hin, dass die Hingerichteten sich mit gro\u00dfem Mut f\u00fcr Werte wie Freiheit, Rechtsstaatlichkeit und die Verbesserung der Lage der iranischen Bev\u00f6lkerung eingesetzt haben. Sie h\u00e4tten zu Unrecht Einzelhaft, Folter und nun den Tod durch die grausame \u201eT\u00f6tungsmaschinerie\u201c des Regimes erleiden m\u00fcssen.<\/p>\n\n\n\n<p>Die ehemalige Bundesjustizministerin forderte eine klare und entschiedene internationale Haltung zu den Hinrichtungen im Iran und betonte, dass die Menschenrechte nicht aus diplomatischen Gr\u00fcnden vernachl\u00e4ssigt werden d\u00fcrften. Sie zog eindringliche historische Parallelen und verglich die T\u00f6tungsmaschinerie der Mullahs mit den finsteren letzten Tagen des NS-Regimes in Deutschland. Sie erinnerte daran, dass die F\u00fchrer des Naziregimes damals ihre T\u00f6tungsmaschinerie im Hinblick auf den Holocaust und die Ermordung von Mitgliedern der Widerstandsbewegung beschleunigt haben.<\/p>\n\n\n\n<p>Als Juristin forderte Herta D\u00e4ubler-Gmelin, dass die f\u00fcr die Unterdr\u00fcckung im Iran verantwortlichen Regime-Funktion\u00e4re strafrechtlich zur Verantwortung gezogen werden m\u00fcssen. Dazu erkl\u00e4rte sie u.a.: \u201eSie waren und sind verantwortlich f\u00fcr die Inhaftierung und Folter der mutigen Mitglieder und Unterst\u00fctzer des Widerstands, und sie sind verantwortlich f\u00fcr diese T\u00f6tungsmaschinerie. Diese T\u00f6tungsmaschinerie wird von Leuten am Laufen gehalten, die sich zynischerweise als Richter, als Mitglieder eines Justizsystems, bezeichnen, aber in Wirklichkeit nur Agenten und Werkzeuge dieses kriminellen Mullah-Regimes sind. \u2026 Unsere Herzen und Gedanken sind voller Verachtung gegen\u00fcber den m\u00e4chtigen Politikern, religi\u00f6sen und milit\u00e4rischen F\u00fchrern, die f\u00fcr das Leid verantwortlich sind. Heute fordern wir alle, dass diese Verbrecher, diese Mullahs, Politiker, Milit\u00e4rs oder Richter, wie sie sich f\u00e4lschlicherweise nennen, eines Tages vor Gericht gestellt werden.\u201c<\/p>\n\n\n\n<p>Herta D\u00e4ubler-Gmelin betonte, dass es \u00e4u\u00dferst wichtig sei, einen Weg zu finden, um den Gr\u00e4ueltaten der Mullahs ein Ende zu setzen und dem iranischen Volk die M\u00f6glichkeit zu geben, einen freien Iran aufzubauen. Dies m\u00fcsse auch das Ziel der demokratischen Politiker anderer Staaten sein, und die Regierungen dieser Staaten m\u00fcssten immer wieder an ihre diesbez\u00fcgliche Verantwortung erinnert werden.<\/p>\n","protected":false},"excerpt":{"rendered":"<p>Prof. Dr. Herta D\u00e4ubler-Gmelin hat zum dringenden Handeln gegen die Hinrichtungen im Iran aufgerufen. Die internationale Gemeinschaft sei rechtlich und moralisch verpflichtet, gegen die Hinrichtungen vorzugehen. Menschenrechte d\u00fcrften nicht aus diplomatischen Gr\u00fcnden vernachl\u00e4ssigt werden. Prof. Dr. Herta D\u00e4ubler-Gmelin war von 1998 bis 2002 Bundesministerin der Justiz und geh\u00f6rte von 1972 bis 2009 dem Deutschen Bundestag [&hellip;]<\/p>\n","protected":false},"author":2,"featured_media":2596,"comment_status":"open","ping_status":"open","sticky":false,"template":"","format":"standard","meta":{"footnotes":""},"categories":[26],"tags":[],"class_list":["post-2595","post","type-post","status-publish","format-standard","has-post-thumbnail","hentry","category-news-iran"],"_links":{"self":[{"href":"https:\/\/freundeinnot.org\/fin1\/wp-json\/wp\/v2\/posts\/2595","targetHints":{"allow":["GET"]}}],"collection":[{"href":"https:\/\/freundeinnot.org\/fin1\/wp-json\/wp\/v2\/posts"}],"about":[{"href":"https:\/\/freundeinnot.org\/fin1\/wp-json\/wp\/v2\/types\/post"}],"author":[{"embeddable":true,"href":"https:\/\/freundeinnot.org\/fin1\/wp-json\/wp\/v2\/users\/2"}],"replies":[{"embeddable":true,"href":"https:\/\/freundeinnot.org\/fin1\/wp-json\/wp\/v2\/comments?post=2595"}],"version-history":[{"count":1,"href":"https:\/\/freundeinnot.org\/fin1\/wp-json\/wp\/v2\/posts\/2595\/revisions"}],"predecessor-version":[{"id":2597,"href":"https:\/\/freundeinnot.org\/fin1\/wp-json\/wp\/v2\/posts\/2595\/revisions\/2597"}],"wp:featuredmedia":[{"embeddable":true,"href":"https:\/\/freundeinnot.org\/fin1\/wp-json\/wp\/v2\/media\/2596"}],"wp:attachment":[{"href":"https:\/\/freundeinnot.org\/fin1\/wp-json\/wp\/v2\/media?parent=2595"}],"wp:term":[{"taxonomy":"category","embeddable":true,"href":"https:\/\/freundeinnot.org\/fin1\/wp-json\/wp\/v2\/categories?post=2595"},{"taxonomy":"post_tag","embeddable":true,"href":"https:\/\/freundeinnot.org\/fin1\/wp-json\/wp\/v2\/tags?post=2595"}],"curies":[{"name":"wp","href":"https:\/\/api.w.org\/{rel}","templated":true}]}}